{"id":4486,"date":"2010-04-20T05:40:22","date_gmt":"2010-04-20T03:40:22","guid":{"rendered":"http:\/\/www.robe.world\/lex\/steirischer-landesmeister-im-paragleiten-2010\/"},"modified":"2018-10-10T05:50:37","modified_gmt":"2018-10-10T03:50:37","slug":"steirischer-landesmeister-im-paragleiten-2010","status":"publish","type":"post","link":"https:\/\/www.robe.world\/lex\/steirischer-landesmeister-im-paragleiten-2010\/","title":{"rendered":"Steirischer Landesmeister im Paragleiten 2010!"},"content":{"rendered":"<p align=\"justify\"><a href=\"http:\/\/robe.world\/lex\/images\/para\/sommer10\/LM_Stoder_100417 (8).JPG\" target=\"_blank\"><img decoding=\"async\" style=\"border: 0px solid; width: 180px; height: 135px;\" alt=\"\" src=\"http:\/\/robe.world\/lex\/images\/para\/sommer10\/tn_LM_Stoder_100417 (8).JPG\" align=\"left\" border=\"0\" \/><\/a>Vergangenes Wochenende traf sich die Gleitschirmliga-Elite \u00d6sterreichs am Stoderzinken, um im Rahmen der steir. Landesmeisterschaft wertvolle Punkte f\u00fcr die \u00f6sterr. Wertung zu sammeln bzw. sich noch rechtzeitig ein Ticket f\u00fcr die diesj\u00e4hrige EM in Abtenau zu sichern. Dies war &#8211; nebst der Prognose von super Flugwetter &#8211; Motivation f\u00fcr insgesamt 73 Piloten aus ganz \u00d6sterreich sich um 10:00 Uhr am Landeplatz in Gr\u00f6bming einzufinden.<\/p>\n<p align=\"justify\">Best\u00fcckt mit brandneuem Schirm (Gin Boomerang GTO ML) machte ich mich auf, einem meiner Heim-XC-Berge heuer das erste Mal die Ehre zu erweisen. Bei super Bedingungen flogen wir ein schnelles Rennen \u00fcber 55km. Dabei konnte ich nicht nur in meiner Schirmklasse gewinnen, sondern darf mich auch seit diesem Wochenende &#8222;<strong>Steirischer Landesmeister im Paragleiten<\/strong>&#8220; nennen. Auch in der Gesamtwertung mit den Wettkampf-Protos reichte es f\u00fcr Platz 8 &#8211; ein Traum!!! Erst recht, wenn man das hochkar\u00e4tige Teilnehmerfeld mit ansieht&#8230;<\/p>\n<p align=\"justify\"><a href=\"http:\/\/www.xalps.com\/lex\/project\/17-4-10-offene-steir-landesmeisterschaft-2010\/\" target=\"_blank\">Hier<\/a> geht\u00b4s direkt zum Bericht&#8230;<\/p>\n","protected":false},"excerpt":{"rendered":"<p>Vergangenes Wochenende traf sich die Gleitschirmliga-Elite \u00d6sterreichs am Stoderzinken, um im Rahmen der steir. Landesmeisterschaft wertvolle Punkte f\u00fcr die \u00f6sterr. Wertung zu sammeln bzw. sich noch rechtzeitig ein Ticket f\u00fcr die diesj\u00e4hrige EM in Abtenau zu sichern. Dies war &#8211; nebst der Prognose von super Flugwetter &#8211; Motivation f\u00fcr insgesamt 73 Piloten aus ganz \u00d6sterreich sich um 10:00 Uhr am Landeplatz in Gr\u00f6bming einzufinden. Best\u00fcckt mit brandneuem Schirm (Gin Boomerang GTO ML) machte ich mich auf, einem meiner Heim-XC-Berge heuer das erste Mal die Ehre zu erweisen. Bei super Bedingungen<\/p>\n","protected":false},"author":1,"featured_media":0,"comment_status":"closed","ping_status":"open","sticky":false,"template":"","format":"standard","meta":{"footnotes":""},"categories":[32],"tags":[],"class_list":["post-4486","post","type-post","status-publish","format-standard","hentry","category-paragleiten"],"yoast_head":"<!-- This site is optimized with the Yoast SEO plugin v26.4 - https:\/\/yoast.com\/wordpress\/plugins\/seo\/ -->\n<title>Steirischer Landesmeister im Paragleiten 2010! - Alexander Rob\u00e9<\/title>\n<meta name=\"robots\" content=\"index, follow, max-snippet:-1, max-image-preview:large, max-video-preview:-1\" \/>\n<link rel=\"canonical\" href=\"https:\/\/www.robe.world\/lex\/steirischer-landesmeister-im-paragleiten-2010\/\" \/>\n<meta property=\"og:locale\" content=\"de_DE\" \/>\n<meta property=\"og:type\" content=\"article\" \/>\n<meta property=\"og:title\" content=\"Steirischer Landesmeister im Paragleiten 2010! - Alexander Rob\u00e9\" \/>\n<meta property=\"og:description\" content=\"Vergangenes Wochenende traf sich die Gleitschirmliga-Elite \u00d6sterreichs am Stoderzinken, um im Rahmen der steir. Landesmeisterschaft wertvolle Punkte f\u00fcr die \u00f6sterr. Wertung zu sammeln bzw. sich noch rechtzeitig ein Ticket f\u00fcr die diesj\u00e4hrige EM in Abtenau zu sichern. Dies war &#8211; nebst der Prognose von super Flugwetter &#8211; Motivation f\u00fcr insgesamt 73 Piloten aus ganz \u00d6sterreich sich um 10:00 Uhr am Landeplatz in Gr\u00f6bming einzufinden. Best\u00fcckt mit brandneuem Schirm (Gin Boomerang GTO ML) machte ich mich auf, einem meiner Heim-XC-Berge heuer das erste Mal die Ehre zu erweisen. Bei super Bedingungen\" \/>\n<meta property=\"og:url\" content=\"https:\/\/www.robe.world\/lex\/steirischer-landesmeister-im-paragleiten-2010\/\" \/>\n<meta property=\"og:site_name\" content=\"Alexander Rob\u00e9\" \/>\n<meta property=\"article:publisher\" content=\"https:\/\/www.facebook.com\/lexrobe\" \/>\n<meta property=\"article:published_time\" content=\"2010-04-20T03:40:22+00:00\" \/>\n<meta property=\"article:modified_time\" content=\"2018-10-10T03:50:37+00:00\" \/>\n<meta name=\"author\" content=\"Lex\" \/>\n<meta name=\"twitter:label1\" content=\"Verfasst von\" \/>\n\t<meta name=\"twitter:data1\" content=\"Lex\" \/>\n\t<meta name=\"twitter:label2\" content=\"Gesch\u00e4tzte Lesezeit\" \/>\n\t<meta name=\"twitter:data2\" content=\"1\u00a0Minute\" \/>\n<script type=\"application\/ld+json\" class=\"yoast-schema-graph\">{\"@context\":\"https:\/\/schema.org\",\"@graph\":[{\"@type\":\"WebPage\",\"@id\":\"https:\/\/www.robe.world\/lex\/steirischer-landesmeister-im-paragleiten-2010\/\",\"url\":\"https:\/\/www.robe.world\/lex\/steirischer-landesmeister-im-paragleiten-2010\/\",\"name\":\"Steirischer Landesmeister im Paragleiten 2010! - Alexander Rob\u00e9\",\"isPartOf\":{\"@id\":\"https:\/\/www.robe.world\/lex\/#website\"},\"datePublished\":\"2010-04-20T03:40:22+00:00\",\"dateModified\":\"2018-10-10T03:50:37+00:00\",\"author\":{\"@id\":\"https:\/\/www.robe.world\/lex\/#\/schema\/person\/6589c46eac0a371b59d915810cf35664\"},\"breadcrumb\":{\"@id\":\"https:\/\/www.robe.world\/lex\/steirischer-landesmeister-im-paragleiten-2010\/#breadcrumb\"},\"inLanguage\":\"de\",\"potentialAction\":[{\"@type\":\"ReadAction\",\"target\":[\"https:\/\/www.robe.world\/lex\/steirischer-landesmeister-im-paragleiten-2010\/\"]}]},{\"@type\":\"BreadcrumbList\",\"@id\":\"https:\/\/www.robe.world\/lex\/steirischer-landesmeister-im-paragleiten-2010\/#breadcrumb\",\"itemListElement\":[{\"@type\":\"ListItem\",\"position\":1,\"name\":\"Home\",\"item\":\"https:\/\/www.robe.world\/lex\/\"},{\"@type\":\"ListItem\",\"position\":2,\"name\":\"Steirischer Landesmeister im Paragleiten 2010!\"}]},{\"@type\":\"WebSite\",\"@id\":\"https:\/\/www.robe.world\/lex\/#website\",\"url\":\"https:\/\/www.robe.world\/lex\/\",\"name\":\"Alexander Rob\u00e9\",\"description\":\"blogging since 1997\",\"potentialAction\":[{\"@type\":\"SearchAction\",\"target\":{\"@type\":\"EntryPoint\",\"urlTemplate\":\"https:\/\/www.robe.world\/lex\/?s={search_term_string}\"},\"query-input\":{\"@type\":\"PropertyValueSpecification\",\"valueRequired\":true,\"valueName\":\"search_term_string\"}}],\"inLanguage\":\"de\"},{\"@type\":\"Person\",\"@id\":\"https:\/\/www.robe.world\/lex\/#\/schema\/person\/6589c46eac0a371b59d915810cf35664\",\"name\":\"Lex\",\"image\":{\"@type\":\"ImageObject\",\"inLanguage\":\"de\",\"@id\":\"https:\/\/www.robe.world\/lex\/#\/schema\/person\/image\/\",\"url\":\"https:\/\/secure.gravatar.com\/avatar\/db48232fae00b3f6c2bac71b8a4a23f5d1fddb41846ffd6d39de879ad8d5deee?s=96&d=blank&r=g\",\"contentUrl\":\"https:\/\/secure.gravatar.com\/avatar\/db48232fae00b3f6c2bac71b8a4a23f5d1fddb41846ffd6d39de879ad8d5deee?s=96&d=blank&r=g\",\"caption\":\"Lex\"}}]}<\/script>\n<!-- \/ Yoast SEO plugin. -->","yoast_head_json":{"title":"Steirischer Landesmeister im Paragleiten 2010! - Alexander Rob\u00e9","robots":{"index":"index","follow":"follow","max-snippet":"max-snippet:-1","max-image-preview":"max-image-preview:large","max-video-preview":"max-video-preview:-1"},"canonical":"https:\/\/www.robe.world\/lex\/steirischer-landesmeister-im-paragleiten-2010\/","og_locale":"de_DE","og_type":"article","og_title":"Steirischer Landesmeister im Paragleiten 2010! - Alexander Rob\u00e9","og_description":"Vergangenes Wochenende traf sich die Gleitschirmliga-Elite \u00d6sterreichs am Stoderzinken, um im Rahmen der steir. Landesmeisterschaft wertvolle Punkte f\u00fcr die \u00f6sterr. Wertung zu sammeln bzw. sich noch rechtzeitig ein Ticket f\u00fcr die diesj\u00e4hrige EM in Abtenau zu sichern. Dies war &#8211; nebst der Prognose von super Flugwetter &#8211; Motivation f\u00fcr insgesamt 73 Piloten aus ganz \u00d6sterreich sich um 10:00 Uhr am Landeplatz in Gr\u00f6bming einzufinden. Best\u00fcckt mit brandneuem Schirm (Gin Boomerang GTO ML) machte ich mich auf, einem meiner Heim-XC-Berge heuer das erste Mal die Ehre zu erweisen. Bei super Bedingungen","og_url":"https:\/\/www.robe.world\/lex\/steirischer-landesmeister-im-paragleiten-2010\/","og_site_name":"Alexander Rob\u00e9","article_publisher":"https:\/\/www.facebook.com\/lexrobe","article_published_time":"2010-04-20T03:40:22+00:00","article_modified_time":"2018-10-10T03:50:37+00:00","author":"Lex","twitter_misc":{"Verfasst von":"Lex","Gesch\u00e4tzte Lesezeit":"1\u00a0Minute"},"schema":{"@context":"https:\/\/schema.org","@graph":[{"@type":"WebPage","@id":"https:\/\/www.robe.world\/lex\/steirischer-landesmeister-im-paragleiten-2010\/","url":"https:\/\/www.robe.world\/lex\/steirischer-landesmeister-im-paragleiten-2010\/","name":"Steirischer Landesmeister im Paragleiten 2010! - Alexander Rob\u00e9","isPartOf":{"@id":"https:\/\/www.robe.world\/lex\/#website"},"datePublished":"2010-04-20T03:40:22+00:00","dateModified":"2018-10-10T03:50:37+00:00","author":{"@id":"https:\/\/www.robe.world\/lex\/#\/schema\/person\/6589c46eac0a371b59d915810cf35664"},"breadcrumb":{"@id":"https:\/\/www.robe.world\/lex\/steirischer-landesmeister-im-paragleiten-2010\/#breadcrumb"},"inLanguage":"de","potentialAction":[{"@type":"ReadAction","target":["https:\/\/www.robe.world\/lex\/steirischer-landesmeister-im-paragleiten-2010\/"]}]},{"@type":"BreadcrumbList","@id":"https:\/\/www.robe.world\/lex\/steirischer-landesmeister-im-paragleiten-2010\/#breadcrumb","itemListElement":[{"@type":"ListItem","position":1,"name":"Home","item":"https:\/\/www.robe.world\/lex\/"},{"@type":"ListItem","position":2,"name":"Steirischer Landesmeister im Paragleiten 2010!"}]},{"@type":"WebSite","@id":"https:\/\/www.robe.world\/lex\/#website","url":"https:\/\/www.robe.world\/lex\/","name":"Alexander Rob\u00e9","description":"blogging since 1997","potentialAction":[{"@type":"SearchAction","target":{"@type":"EntryPoint","urlTemplate":"https:\/\/www.robe.world\/lex\/?s={search_term_string}"},"query-input":{"@type":"PropertyValueSpecification","valueRequired":true,"valueName":"search_term_string"}}],"inLanguage":"de"},{"@type":"Person","@id":"https:\/\/www.robe.world\/lex\/#\/schema\/person\/6589c46eac0a371b59d915810cf35664","name":"Lex","image":{"@type":"ImageObject","inLanguage":"de","@id":"https:\/\/www.robe.world\/lex\/#\/schema\/person\/image\/","url":"https:\/\/secure.gravatar.com\/avatar\/db48232fae00b3f6c2bac71b8a4a23f5d1fddb41846ffd6d39de879ad8d5deee?s=96&d=blank&r=g","contentUrl":"https:\/\/secure.gravatar.com\/avatar\/db48232fae00b3f6c2bac71b8a4a23f5d1fddb41846ffd6d39de879ad8d5deee?s=96&d=blank&r=g","caption":"Lex"}}]}},"_links":{"self":[{"href":"https:\/\/www.robe.world\/lex\/wp-json\/wp\/v2\/posts\/4486","targetHints":{"allow":["GET"]}}],"collection":[{"href":"https:\/\/www.robe.world\/lex\/wp-json\/wp\/v2\/posts"}],"about":[{"href":"https:\/\/www.robe.world\/lex\/wp-json\/wp\/v2\/types\/post"}],"author":[{"embeddable":true,"href":"https:\/\/www.robe.world\/lex\/wp-json\/wp\/v2\/users\/1"}],"replies":[{"embeddable":true,"href":"https:\/\/www.robe.world\/lex\/wp-json\/wp\/v2\/comments?post=4486"}],"version-history":[{"count":2,"href":"https:\/\/www.robe.world\/lex\/wp-json\/wp\/v2\/posts\/4486\/revisions"}],"predecessor-version":[{"id":5013,"href":"https:\/\/www.robe.world\/lex\/wp-json\/wp\/v2\/posts\/4486\/revisions\/5013"}],"wp:attachment":[{"href":"https:\/\/www.robe.world\/lex\/wp-json\/wp\/v2\/media?parent=4486"}],"wp:term":[{"taxonomy":"category","embeddable":true,"href":"https:\/\/www.robe.world\/lex\/wp-json\/wp\/v2\/categories?post=4486"},{"taxonomy":"post_tag","embeddable":true,"href":"https:\/\/www.robe.world\/lex\/wp-json\/wp\/v2\/tags?post=4486"}],"curies":[{"name":"wp","href":"https:\/\/api.w.org\/{rel}","templated":true}]}}